{"id":192,"date":"2026-08-24T17:47:15","date_gmt":"2026-08-24T20:47:15","guid":{"rendered":"https:\/\/plannercontabilidade.com\/blog\/?p=192"},"modified":"2026-08-24T17:47:16","modified_gmt":"2026-08-24T20:47:16","slug":"reforma-tributaria-precificacao-ibs-cbs","status":"publish","type":"post","link":"https:\/\/plannercontabilidade.com\/blog\/2026\/08\/24\/reforma-tributaria-precificacao-ibs-cbs\/","title":{"rendered":"Reforma Tribut\u00e1ria e precifica\u00e7\u00e3o"},"content":{"rendered":"<p><!-- ARTIGO 9 \u2014 Reforma Tribut\u00e1ria e precifica\u00e7\u00e3o --><br \/>\n<!-- Setembro\/2026 | Sem. 1 | Pilar: Reforma Tribut\u00e1ria | Funil: Conscientiza\u00e7\u00e3o --><br \/>\n<!-- Cole no WordPress em modo HTML\/C\u00f3digo --><\/p>\n<nav>\n<h2>Neste artigo<\/h2>\n<ul>\n<li><a href=\"#o-problema\">O problema que poucos empres\u00e1rios est\u00e3o vendo<\/a><\/li>\n<li><a href=\"#como-o-imposto-entra\">Como o imposto entra no pre\u00e7o hoje<\/a><\/li>\n<li><a href=\"#o-que-muda\">O que muda com o IBS e a CBS<\/a><\/li>\n<li><a href=\"#setores\">Impacto por setor: quem perde e quem pode ganhar<\/a><\/li>\n<li><a href=\"#contratos\">Contratos longos: o risco que j\u00e1 est\u00e1 correndo<\/a><\/li>\n<li><a href=\"#como-revisar\">Como revisar a precifica\u00e7\u00e3o agora<\/a><\/li>\n<li><a href=\"#contabilidade\">Como a contabilidade ajuda nessa revis\u00e3o<\/a><\/li>\n<li><a href=\"#faq\">Perguntas frequentes<\/a><\/li>\n<\/ul>\n<\/nav>\n<p>A maioria das empresas forma seu pre\u00e7o com base em uma estrutura de custos que inclui os impostos atuais \u2014 ICMS, ISS, PIS, Cofins. Quando essa estrutura muda, o pre\u00e7o calculado ontem pode n\u00e3o fazer mais sentido amanh\u00e3.<\/p>\n<p>A Reforma Tribut\u00e1ria est\u00e1 mudando exatamente essa estrutura. E as empresas que n\u00e3o revisarem a precifica\u00e7\u00e3o durante a transi\u00e7\u00e3o correm o risco de comprimir a margem sem perceber \u2014 ou de perder competitividade por precificar com uma base tribut\u00e1ria que j\u00e1 n\u00e3o reflete a realidade.<\/p>\n<h2 id=\"o-problema\">1. O problema que poucos empres\u00e1rios est\u00e3o vendo<\/h2>\n<p>A discuss\u00e3o sobre a Reforma Tribut\u00e1ria costuma girar em torno de al\u00edquotas, prazos e regimes. Mas h\u00e1 um impacto pr\u00e1tico mais imediato e mais concreto que est\u00e1 passando despercebido na maioria das empresas: <strong>a forma\u00e7\u00e3o de pre\u00e7o vai precisar ser recalculada<\/strong>.<\/p>\n<p>Isso acontece porque o pre\u00e7o de venda de um produto ou servi\u00e7o n\u00e3o \u00e9 calculado apenas sobre o custo operacional. Ele carrega embutido o custo tribut\u00e1rio \u2014 quanto a empresa paga de imposto por unidade vendida ou por hora de servi\u00e7o prestado. Quando esse custo tribut\u00e1rio muda, o pre\u00e7o ideal muda junto.<\/p>\n<p>Empresas que n\u00e3o acompanharem essa mudan\u00e7a durante o per\u00edodo de transi\u00e7\u00e3o (2026\u20132033) podem se deparar com dois cen\u00e1rios ruins:<\/p>\n<div class=\"planner-grid\">\n<div class=\"planner-card\">\n<h3>Precificar abaixo do necess\u00e1rio<\/h3>\n<p>A carga tribut\u00e1ria real aumentou, mas o pre\u00e7o n\u00e3o foi ajustado. A margem de lucro vai sendo corro\u00edda m\u00eas a m\u00eas \u2014 e a empresa s\u00f3 percebe quando o caixa j\u00e1 est\u00e1 comprometido.<\/p>\n<\/p><\/div>\n<div class=\"planner-card\">\n<h3>Precificar acima do necess\u00e1rio<\/h3>\n<p>A empresa antecipa um aumento tribut\u00e1rio que ainda n\u00e3o chegou ou que n\u00e3o se aplica ao seu perfil \u2014 e perde competitividade para concorrentes que fizeram a conta certa.<\/p>\n<\/p><\/div>\n<\/div>\n<h2 id=\"como-o-imposto-entra\">2. Como o imposto entra no pre\u00e7o hoje<\/h2>\n<p>Para entender o que vai mudar, \u00e9 preciso entender como funciona hoje. A maioria das empresas calcula o pre\u00e7o de venda usando um <strong>markup<\/strong> \u2014 um \u00edndice que cobre custos, despesas, impostos e margem de lucro.<\/p>\n<p>Dentro desse markup, os impostos sobre faturamento ocupam uma fatia relevante. Para uma empresa de servi\u00e7os no Simples Nacional, o ISS pode representar de 2% a 5% da receita. Para uma empresa no Lucro Presumido, PIS e Cofins somam 3,65% (cumulativo) ou at\u00e9 9,25% (n\u00e3o-cumulativo), al\u00e9m do ISS municipal.<\/p>\n<p>Esses percentuais est\u00e3o embutidos no pre\u00e7o \u2014 consciente ou inconscientemente. Quando eles mudam, a estrutura do markup muda. E se o empres\u00e1rio n\u00e3o recalcular, est\u00e1 trabalhando com uma f\u00f3rmula desatualizada.<\/p>\n<h2 id=\"o-que-muda\">3. O que muda com o IBS e a CBS na pr\u00e1tica<\/h2>\n<p>A substitui\u00e7\u00e3o gradual do ICMS, ISS, PIS e Cofins pelo IBS e pela CBS altera a l\u00f3gica tribut\u00e1ria da precifica\u00e7\u00e3o em dois aspectos principais:<\/p>\n<h3>Mudan\u00e7a nas al\u00edquotas efetivas<\/h3>\n<p>As al\u00edquotas definitivas do IBS e da CBS ainda est\u00e3o sendo regulamentadas, mas a estimativa \u00e9 que a al\u00edquota combinada fique entre <strong>25% e 28%<\/strong> sobre o valor adicionado \u2014 bem acima do que muitas empresas pagam hoje em ISS (2% a 5%). A diferen\u00e7a, por\u00e9m, \u00e9 que o modelo de cr\u00e9dito muda completamente.<\/p>\n<h3>Mudan\u00e7a no modelo de cr\u00e9dito<\/h3>\n<p>O IBS e a CBS s\u00e3o tributos sobre valor adicionado com n\u00e3o-cumulatividade plena. Isso significa que cada empresa se credita do imposto pago na etapa anterior da cadeia. Na teoria, o imposto n\u00e3o se acumula \u2014 cada elo paga apenas sobre o valor que agregou. Na pr\u00e1tica, o impacto varia muito dependendo de onde a empresa est\u00e1 na cadeia e de quem s\u00e3o seus clientes.<\/p>\n<div class=\"planner-alert\">\n<p><strong>Aten\u00e7\u00e3o:<\/strong> A al\u00edquota nominal do IBS e CBS pode parecer alta, mas a al\u00edquota efetiva \u2014 depois dos cr\u00e9ditos \u2014 tende a ser menor para empresas B2B com fornecedores formalizados. O erro \u00e9 comparar a al\u00edquota nominal nova com a al\u00edquota efetiva antiga sem considerar o cr\u00e9dito.<\/p>\n<\/div>\n<h2 id=\"setores\">4. Impacto por setor: quem perde e quem pode ganhar<\/h2>\n<p>O impacto da mudan\u00e7a tribut\u00e1ria na precifica\u00e7\u00e3o n\u00e3o \u00e9 igual para todos os setores. Veja um panorama por perfil de empresa:<\/p>\n<div class=\"planner-grid\">\n<div class=\"planner-card\">\n<h3>Servi\u00e7os B2C (para consumidor final)<\/h3>\n<p>Sal\u00f5es, academias, restaurantes, cl\u00ednicas que atendem particular. <strong>Tend\u00eancia de aumento de carga.<\/strong> O consumidor n\u00e3o gera cr\u00e9dito, ent\u00e3o o imposto n\u00e3o \u00e9 recuperado na cadeia. O pre\u00e7o final ao consumidor tende a subir.<\/p>\n<\/p><\/div>\n<div class=\"planner-card\">\n<h3>Servi\u00e7os B2B (para empresas)<\/h3>\n<p>Consultorias, TI, engenharia, servi\u00e7os t\u00e9cnicos. <strong>Impacto vari\u00e1vel.<\/strong> A n\u00e3o-cumulatividade pode compensar o aumento de al\u00edquota para clientes que aproveitam cr\u00e9dito. Pode abrir oportunidade competitiva.<\/p>\n<\/p><\/div>\n<div class=\"planner-card\">\n<h3>Com\u00e9rcio varejista<\/h3>\n<p>Lojas, distribuidores, revendedores. <strong>Tend\u00eancia de neutralidade ou leve melhora.<\/strong> ICMS j\u00e1 tinha cr\u00e9dito; o IBS mant\u00e9m a l\u00f3gica. A simplifica\u00e7\u00e3o pode reduzir custo de compliance.<\/p>\n<\/p><\/div>\n<div class=\"planner-card\">\n<h3>Ind\u00fastria<\/h3>\n<p>Fabricantes com cadeia longa. <strong>Tend\u00eancia de melhora.<\/strong> A n\u00e3o-cumulatividade plena elimina a cascata tribut\u00e1ria que hoje onera cadeias industriais complexas.<\/p>\n<\/p><\/div>\n<\/div>\n<h2 id=\"contratos\">5. Contratos longos: o risco que j\u00e1 est\u00e1 correndo<\/h2>\n<p>Se a sua empresa tem contratos de presta\u00e7\u00e3o de servi\u00e7os ou fornecimento com prazo superior a 12 meses \u2014 e esses contratos foram fechados sem cl\u00e1usula de revis\u00e3o tribut\u00e1ria \u2014 voc\u00ea j\u00e1 est\u00e1 correndo um risco concreto.<\/p>\n<p>O cen\u00e1rio \u00e9 este: o contrato foi fechado em 2025 com precifica\u00e7\u00e3o baseada em ISS de 5% e PIS\/Cofins de 3,65%. Em 2027, o PIS\/Cofins \u00e9 extinto e a CBS entra com al\u00edquota maior. Em 2029, o ISS come\u00e7a a cair e o IBS come\u00e7a a subir. Se o contrato n\u00e3o permite revis\u00e3o, a empresa absorve toda a varia\u00e7\u00e3o tribut\u00e1ria na sua margem.<\/p>\n<ul class=\"planner-checklist\">\n<li><strong>Revise agora os contratos vigentes com prazo acima de 12 meses<\/strong> e verifique se h\u00e1 cl\u00e1usula de reequil\u00edbrio econ\u00f4mico-financeiro ou revis\u00e3o tribut\u00e1ria.<\/li>\n<li><strong>Inclua cl\u00e1usula de revis\u00e3o em todos os novos contratos<\/strong> que estiver fechando \u2014 especialmente para presta\u00e7\u00e3o de servi\u00e7os continuados.<\/li>\n<li><strong>Documente a base tribut\u00e1ria utilizada na forma\u00e7\u00e3o do pre\u00e7o<\/strong> no momento da assinatura do contrato \u2014 isso facilita a negocia\u00e7\u00e3o de reajuste no futuro.<\/li>\n<li><strong>Converse com seu contador e com um advogado<\/strong> sobre a reda\u00e7\u00e3o mais adequada dessas cl\u00e1usulas para o seu tipo de contrato.<\/li>\n<\/ul>\n<h2 id=\"como-revisar\">6. Como revisar a precifica\u00e7\u00e3o durante a transi\u00e7\u00e3o<\/h2>\n<p>A revis\u00e3o da precifica\u00e7\u00e3o durante o per\u00edodo de transi\u00e7\u00e3o da Reforma n\u00e3o precisa ser feita de uma s\u00f3 vez \u2014 mas precisa ser feita com m\u00e9todo. Um caminho pr\u00e1tico:<\/p>\n<ul class=\"planner-checklist\">\n<li><strong>Mapeie os tributos que comp\u00f5em seu pre\u00e7o hoje:<\/strong> ISS, PIS, Cofins, ICMS (se aplic\u00e1vel) e encargos sobre o faturamento. Saiba exatamente quanto cada um representa no seu pre\u00e7o de venda.<\/li>\n<li><strong>Identifique quais desses tributos ser\u00e3o substitu\u00eddos e em que prazo:<\/strong> PIS\/Cofins em 2027, ICMS\/ISS gradualmente at\u00e9 2033. Cada um tem um calend\u00e1rio diferente.<\/li>\n<li><strong>Estime o impacto das al\u00edquotas do IBS e CBS no seu setor:<\/strong> com a orienta\u00e7\u00e3o do seu contador, projete como sua carga tribut\u00e1ria efetiva deve variar nos pr\u00f3ximos anos.<\/li>\n<li><strong>Recalcule o markup com a nova estrutura tribut\u00e1ria projetada<\/strong> e avalie se o pre\u00e7o atual ainda cobre custos, despesas, impostos e margem adequada.<\/li>\n<li><strong>Defina uma pol\u00edtica de revis\u00e3o peri\u00f3dica de pre\u00e7os<\/strong> \u2014 pelo menos anual \u2014 enquanto a transi\u00e7\u00e3o estiver em andamento.<\/li>\n<\/ul>\n<p>Esse processo \u00e9 mais simples quando a empresa tem escritura\u00e7\u00e3o cont\u00e1bil organizada e um contador que acompanha os resultados mensalmente. Sem dados confi\u00e1veis sobre margem real, custo por produto ou servi\u00e7o e carga tribut\u00e1ria efetiva, a revis\u00e3o de pre\u00e7os vira um chute \u2014 e chute em precifica\u00e7\u00e3o costuma sair caro.<\/p>\n<h2 id=\"contabilidade\">7. Como a contabilidade ajuda na revis\u00e3o de precifica\u00e7\u00e3o<\/h2>\n<p>Uma contabilidade consultiva tem um papel direto na revis\u00e3o de precifica\u00e7\u00e3o durante a Reforma Tribut\u00e1ria \u2014 e vai muito al\u00e9m de calcular impostos.<\/p>\n<p>Com os dados cont\u00e1beis organizados, o contador consegue:<\/p>\n<ul class=\"planner-checklist\">\n<li>Identificar a carga tribut\u00e1ria efetiva atual por tipo de produto ou servi\u00e7o.<\/li>\n<li>Projetar o impacto das mudan\u00e7as do IBS e CBS no custo tribut\u00e1rio da empresa.<\/li>\n<li>Comparar cen\u00e1rios \u2014 regime atual versus regime futuro \u2014 com base nos dados reais do neg\u00f3cio.<\/li>\n<li>Orientar sobre a estrutura de cr\u00e9ditos tribut\u00e1rios que a empresa poder\u00e1 aproveitar com o novo sistema.<\/li>\n<li>Sinalizar quando o pre\u00e7o atual est\u00e1 abaixo do necess\u00e1rio para cobrir a nova carga tribut\u00e1ria.<\/li>\n<\/ul>\n<p>Em Betim e regi\u00e3o, a Planner Contabilidade acompanha os clientes nesse processo \u2014 integrando a an\u00e1lise tribut\u00e1ria com a gest\u00e3o financeira para que as decis\u00f5es de precifica\u00e7\u00e3o sejam tomadas com base em dados, n\u00e3o em estimativas.<\/p>\n<div class=\"planner-custom-cta\">\n<div class=\"planner-custom-cta__icon\">\ud83d\udcb0<\/div>\n<div>\n<h3>Prepare sua empresa para a mudan\u00e7a tribut\u00e1ria antes que ela afete sua margem<\/h3>\n<p>A Planner analisa o impacto da Reforma Tribut\u00e1ria na precifica\u00e7\u00e3o da sua empresa e orienta sobre como ajustar sua estrat\u00e9gia durante o per\u00edodo de transi\u00e7\u00e3o.<\/p>\n<p>    <a class=\"btn-cta\" href=\"https:\/\/wa.me\/5531996325051?text=Ol%C3%A1%2C+vim+pelo+blog+e+quero+entender+o+impacto+da+Reforma+Tribut%C3%A1ria+na+minha+precifica%C3%A7%C3%A3o.\" target=\"_blank\" rel=\"noopener\">Falar com a Planner pelo WhatsApp<\/a>\n  <\/div>\n<\/div>\n<h2 id=\"faq\">8. Perguntas frequentes<\/h2>\n<details>\n<summary>A Reforma Tribut\u00e1ria vai aumentar meu pre\u00e7o de venda?<\/summary>\n<p>N\u00e3o necessariamente. O impacto depende do setor, do perfil de clientes e de como a empresa est\u00e1 posicionada na cadeia produtiva. Empresas B2B com fornecedores formalizados podem se beneficiar da n\u00e3o-cumulatividade do IBS e CBS. Empresas B2C tendem a sentir aumento de carga. Em todo caso, a revis\u00e3o da precifica\u00e7\u00e3o \u00e9 necess\u00e1ria \u2014 tanto para n\u00e3o cobrar a menos quanto para n\u00e3o cobrar a mais.<\/p>\n<\/details>\n<details>\n<summary>Quando devo revisar minha tabela de pre\u00e7os por causa da Reforma?<\/summary>\n<p>O processo deve come\u00e7ar agora \u2014 n\u00e3o porque os impostos j\u00e1 mudaram definitivamente, mas porque contratos longos precisam de cl\u00e1usulas de prote\u00e7\u00e3o e a precifica\u00e7\u00e3o futura precisa ser projetada. Durante o per\u00edodo de transi\u00e7\u00e3o (2026\u20132033), revis\u00f5es peri\u00f3dicas \u2014 pelo menos anuais \u2014 s\u00e3o recomendadas \u00e0 medida que as al\u00edquotas definitivas do IBS e CBS forem sendo regulamentadas.<\/p>\n<\/details>\n<details>\n<summary>O que \u00e9 cl\u00e1usula de revis\u00e3o tribut\u00e1ria em contratos?<\/summary>\n<p>\u00c9 uma cl\u00e1usula contratual que prev\u00ea a possibilidade de reajuste do pre\u00e7o caso haja altera\u00e7\u00e3o significativa na carga tribut\u00e1ria incidente sobre a opera\u00e7\u00e3o. Ela protege tanto o prestador quanto o tomador \u2014 deixando claro que varia\u00e7\u00f5es tribut\u00e1rias decorrentes da Reforma ser\u00e3o consideradas para fins de reequil\u00edbrio econ\u00f4mico do contrato. A reda\u00e7\u00e3o deve ser feita com orienta\u00e7\u00e3o jur\u00eddica e cont\u00e1bil.<\/p>\n<\/details>\n<details>\n<summary>Como o IBS e a CBS afetam o markup da minha empresa?<\/summary>\n<p>O markup \u00e9 calculado para cobrir custos, despesas, impostos e margem. Quando os tributos sobre faturamento mudam \u2014 de ISS e PIS\/Cofins para IBS e CBS \u2014 a parcela de impostos dentro do markup precisa ser recalculada. Se a al\u00edquota efetiva aumentar, o markup precisa subir. Se cair (por efeito dos cr\u00e9ditos), pode haver espa\u00e7o para ganho de competitividade. O c\u00e1lculo depende do regime, do setor e do perfil de clientes.<\/p>\n<\/details>\n<details>\n<summary>Preciso de ajuda especializada para revisar a precifica\u00e7\u00e3o da minha empresa?<\/summary>\n<p>Para empresas com opera\u00e7\u00e3o simples e poucos produtos ou servi\u00e7os, a revis\u00e3o pode ser feita com orienta\u00e7\u00e3o do contador. Para empresas com mix complexo, contratos longos ou alto volume de opera\u00e7\u00f5es B2B, o apoio de um contador consultivo \u00e9 indispens\u00e1vel \u2014 tanto para garantir que os c\u00e1lculos estejam corretos quanto para identificar oportunidades de ganho competitivo durante a transi\u00e7\u00e3o.<\/p>\n<\/details>\n","protected":false},"excerpt":{"rendered":"<p>Neste artigo O problema que poucos empres\u00e1rios est\u00e3o vendo Como o imposto entra no pre\u00e7o hoje O que muda com o IBS e a CBS Impacto por setor:&#8230;<\/p>\n","protected":false},"author":1,"featured_media":194,"comment_status":"open","ping_status":"open","sticky":false,"template":"","format":"standard","meta":{"footnotes":""},"categories":[11],"tags":[],"class_list":["post-192","post","type-post","status-publish","format-standard","has-post-thumbnail","hentry","category-reforma-tributaria"],"yoast_head":"<!-- This site is optimized with the Yoast SEO plugin v28.2 - https:\/\/yoast.com\/product\/yoast-seo-wordpress\/ -->\n<title>Reforma Tribut\u00e1ria: IBS\/CBS v\u00e3o mudar o pre\u00e7o de produtos e servi\u00e7os<\/title>\n<meta name=\"description\" content=\"A Reforma Tribut\u00e1ria muda a estrutura do seu pre\u00e7o. Veja como o IBS e a CBS afetam a precifica\u00e7\u00e3o da sua empresa e o que revisar agora.\" \/>\n<meta name=\"robots\" content=\"index, follow, max-snippet:-1, max-image-preview:large, max-video-preview:-1\" \/>\n<link rel=\"canonical\" href=\"https:\/\/plannercontabilidade.com\/blog\/2026\/08\/24\/reforma-tributaria-precificacao-ibs-cbs\/\" \/>\n<meta property=\"og:locale\" content=\"pt_BR\" \/>\n<meta property=\"og:type\" content=\"article\" \/>\n<meta property=\"og:title\" content=\"Reforma Tribut\u00e1ria: IBS\/CBS v\u00e3o mudar o pre\u00e7o de produtos e servi\u00e7os\" \/>\n<meta property=\"og:description\" content=\"A Reforma Tribut\u00e1ria muda a estrutura do seu pre\u00e7o. Veja como o IBS e a CBS afetam a precifica\u00e7\u00e3o da sua empresa e o que revisar agora.\" \/>\n<meta property=\"og:url\" content=\"https:\/\/plannercontabilidade.com\/blog\/2026\/08\/24\/reforma-tributaria-precificacao-ibs-cbs\/\" \/>\n<meta property=\"og:site_name\" content=\"Blog\" \/>\n<meta property=\"article:published_time\" content=\"2026-08-24T20:47:15+00:00\" \/>\n<meta property=\"article:modified_time\" content=\"2026-08-24T20:47:16+00:00\" \/>\n<meta property=\"og:image\" content=\"https:\/\/plannercontabilidade.com\/blog\/wp-content\/uploads\/2026\/08\/banner-blog-reforma-tributaria-ibs-cbs-1024x576.png\" \/>\n\t<meta property=\"og:image:width\" content=\"1024\" \/>\n\t<meta property=\"og:image:height\" content=\"576\" \/>\n\t<meta property=\"og:image:type\" content=\"image\/png\" \/>\n<meta name=\"author\" content=\"Planner Contabilidade\" \/>\n<meta name=\"twitter:card\" content=\"summary_large_image\" \/>\n<meta name=\"twitter:label1\" content=\"Escrito por\" \/>\n\t<meta name=\"twitter:data1\" content=\"Planner Contabilidade\" \/>\n\t<meta name=\"twitter:label2\" content=\"Est. tempo de leitura\" \/>\n\t<meta name=\"twitter:data2\" content=\"10 minutos\" \/>\n<script type=\"application\/ld+json\" class=\"yoast-schema-graph\">{\"@context\":\"https:\\\/\\\/schema.org\",\"@graph\":[{\"@type\":\"Article\",\"@id\":\"https:\\\/\\\/plannercontabilidade.com\\\/blog\\\/2026\\\/08\\\/24\\\/reforma-tributaria-precificacao-ibs-cbs\\\/#article\",\"isPartOf\":{\"@id\":\"https:\\\/\\\/plannercontabilidade.com\\\/blog\\\/2026\\\/08\\\/24\\\/reforma-tributaria-precificacao-ibs-cbs\\\/\"},\"author\":{\"name\":\"Planner Contabilidade\",\"@id\":\"https:\\\/\\\/plannercontabilidade.com\\\/blog\\\/#\\\/schema\\\/person\\\/65d29f39ce5c0fefe9f2d134e70ecf08\"},\"headline\":\"Reforma Tribut\u00e1ria e precifica\u00e7\u00e3o\",\"datePublished\":\"2026-08-24T20:47:15+00:00\",\"dateModified\":\"2026-08-24T20:47:16+00:00\",\"mainEntityOfPage\":{\"@id\":\"https:\\\/\\\/plannercontabilidade.com\\\/blog\\\/2026\\\/08\\\/24\\\/reforma-tributaria-precificacao-ibs-cbs\\\/\"},\"wordCount\":1974,\"commentCount\":0,\"publisher\":{\"@id\":\"https:\\\/\\\/plannercontabilidade.com\\\/blog\\\/#organization\"},\"image\":{\"@id\":\"https:\\\/\\\/plannercontabilidade.com\\\/blog\\\/2026\\\/08\\\/24\\\/reforma-tributaria-precificacao-ibs-cbs\\\/#primaryimage\"},\"thumbnailUrl\":\"https:\\\/\\\/plannercontabilidade.com\\\/blog\\\/wp-content\\\/uploads\\\/2026\\\/08\\\/banner-blog-reforma-tributaria-ibs-cbs.png\",\"articleSection\":[\"Reforma Tribut\u00e1ria\"],\"inLanguage\":\"pt-BR\",\"potentialAction\":[{\"@type\":\"CommentAction\",\"name\":\"Comment\",\"target\":[\"https:\\\/\\\/plannercontabilidade.com\\\/blog\\\/2026\\\/08\\\/24\\\/reforma-tributaria-precificacao-ibs-cbs\\\/#respond\"]}]},{\"@type\":\"WebPage\",\"@id\":\"https:\\\/\\\/plannercontabilidade.com\\\/blog\\\/2026\\\/08\\\/24\\\/reforma-tributaria-precificacao-ibs-cbs\\\/\",\"url\":\"https:\\\/\\\/plannercontabilidade.com\\\/blog\\\/2026\\\/08\\\/24\\\/reforma-tributaria-precificacao-ibs-cbs\\\/\",\"name\":\"Reforma Tribut\u00e1ria: IBS\\\/CBS v\u00e3o mudar o pre\u00e7o de produtos e servi\u00e7os\",\"isPartOf\":{\"@id\":\"https:\\\/\\\/plannercontabilidade.com\\\/blog\\\/#website\"},\"primaryImageOfPage\":{\"@id\":\"https:\\\/\\\/plannercontabilidade.com\\\/blog\\\/2026\\\/08\\\/24\\\/reforma-tributaria-precificacao-ibs-cbs\\\/#primaryimage\"},\"image\":{\"@id\":\"https:\\\/\\\/plannercontabilidade.com\\\/blog\\\/2026\\\/08\\\/24\\\/reforma-tributaria-precificacao-ibs-cbs\\\/#primaryimage\"},\"thumbnailUrl\":\"https:\\\/\\\/plannercontabilidade.com\\\/blog\\\/wp-content\\\/uploads\\\/2026\\\/08\\\/banner-blog-reforma-tributaria-ibs-cbs.png\",\"datePublished\":\"2026-08-24T20:47:15+00:00\",\"dateModified\":\"2026-08-24T20:47:16+00:00\",\"description\":\"A Reforma Tribut\u00e1ria muda a estrutura do seu pre\u00e7o. Veja como o IBS e a CBS afetam a precifica\u00e7\u00e3o da sua empresa e o que revisar agora.\",\"breadcrumb\":{\"@id\":\"https:\\\/\\\/plannercontabilidade.com\\\/blog\\\/2026\\\/08\\\/24\\\/reforma-tributaria-precificacao-ibs-cbs\\\/#breadcrumb\"},\"inLanguage\":\"pt-BR\",\"potentialAction\":[{\"@type\":\"ReadAction\",\"target\":[\"https:\\\/\\\/plannercontabilidade.com\\\/blog\\\/2026\\\/08\\\/24\\\/reforma-tributaria-precificacao-ibs-cbs\\\/\"]}]},{\"@type\":\"ImageObject\",\"inLanguage\":\"pt-BR\",\"@id\":\"https:\\\/\\\/plannercontabilidade.com\\\/blog\\\/2026\\\/08\\\/24\\\/reforma-tributaria-precificacao-ibs-cbs\\\/#primaryimage\",\"url\":\"https:\\\/\\\/plannercontabilidade.com\\\/blog\\\/wp-content\\\/uploads\\\/2026\\\/08\\\/banner-blog-reforma-tributaria-ibs-cbs.png\",\"contentUrl\":\"https:\\\/\\\/plannercontabilidade.com\\\/blog\\\/wp-content\\\/uploads\\\/2026\\\/08\\\/banner-blog-reforma-tributaria-ibs-cbs.png\",\"width\":1600,\"height\":900,\"caption\":\"reforma tribut\u00e1ria precifica\u00e7\u00e3o\"},{\"@type\":\"BreadcrumbList\",\"@id\":\"https:\\\/\\\/plannercontabilidade.com\\\/blog\\\/2026\\\/08\\\/24\\\/reforma-tributaria-precificacao-ibs-cbs\\\/#breadcrumb\",\"itemListElement\":[{\"@type\":\"ListItem\",\"position\":1,\"name\":\"In\u00edcio\",\"item\":\"https:\\\/\\\/plannercontabilidade.com\\\/blog\\\/\"},{\"@type\":\"ListItem\",\"position\":2,\"name\":\"Reforma Tribut\u00e1ria e precifica\u00e7\u00e3o\"}]},{\"@type\":\"WebSite\",\"@id\":\"https:\\\/\\\/plannercontabilidade.com\\\/blog\\\/#website\",\"url\":\"https:\\\/\\\/plannercontabilidade.com\\\/blog\\\/\",\"name\":\"Blog\",\"description\":\"Planner Contabilidade\",\"publisher\":{\"@id\":\"https:\\\/\\\/plannercontabilidade.com\\\/blog\\\/#organization\"},\"potentialAction\":[{\"@type\":\"SearchAction\",\"target\":{\"@type\":\"EntryPoint\",\"urlTemplate\":\"https:\\\/\\\/plannercontabilidade.com\\\/blog\\\/?s={search_term_string}\"},\"query-input\":{\"@type\":\"PropertyValueSpecification\",\"valueRequired\":true,\"valueName\":\"search_term_string\"}}],\"inLanguage\":\"pt-BR\"},{\"@type\":\"Organization\",\"@id\":\"https:\\\/\\\/plannercontabilidade.com\\\/blog\\\/#organization\",\"name\":\"Planner Contabilidade\",\"url\":\"https:\\\/\\\/plannercontabilidade.com\\\/blog\\\/\",\"logo\":{\"@type\":\"ImageObject\",\"inLanguage\":\"pt-BR\",\"@id\":\"https:\\\/\\\/plannercontabilidade.com\\\/blog\\\/#\\\/schema\\\/logo\\\/image\\\/\",\"url\":\"https:\\\/\\\/plannercontabilidade.com\\\/blog\\\/wp-content\\\/uploads\\\/2026\\\/03\\\/Logo-Planner-FINAL-Fundo-Branco.png\",\"contentUrl\":\"https:\\\/\\\/plannercontabilidade.com\\\/blog\\\/wp-content\\\/uploads\\\/2026\\\/03\\\/Logo-Planner-FINAL-Fundo-Branco.png\",\"width\":1920,\"height\":1080,\"caption\":\"Planner Contabilidade\"},\"image\":{\"@id\":\"https:\\\/\\\/plannercontabilidade.com\\\/blog\\\/#\\\/schema\\\/logo\\\/image\\\/\"},\"sameAs\":[\"http:\\\/\\\/instagram.com\\\/planner_contabil\"]},{\"@type\":\"Person\",\"@id\":\"https:\\\/\\\/plannercontabilidade.com\\\/blog\\\/#\\\/schema\\\/person\\\/65d29f39ce5c0fefe9f2d134e70ecf08\",\"name\":\"Planner Contabilidade\",\"image\":{\"@type\":\"ImageObject\",\"inLanguage\":\"pt-BR\",\"@id\":\"https:\\\/\\\/secure.gravatar.com\\\/avatar\\\/7ef5a376b9a0ec9d1bae5299fcc679f4b15539d73392e2d8547a1a94821b22a0?s=96&d=mm&r=g\",\"url\":\"https:\\\/\\\/secure.gravatar.com\\\/avatar\\\/7ef5a376b9a0ec9d1bae5299fcc679f4b15539d73392e2d8547a1a94821b22a0?s=96&d=mm&r=g\",\"contentUrl\":\"https:\\\/\\\/secure.gravatar.com\\\/avatar\\\/7ef5a376b9a0ec9d1bae5299fcc679f4b15539d73392e2d8547a1a94821b22a0?s=96&d=mm&r=g\",\"caption\":\"Planner Contabilidade\"},\"sameAs\":[\"https:\\\/\\\/plannercontabilidade.com\\\/blog\"],\"url\":\"https:\\\/\\\/plannercontabilidade.com\\\/blog\\\/author\\\/admin\\\/\"}]}<\/script>\n<!-- \/ Yoast SEO plugin. -->","yoast_head_json":{"title":"Reforma Tribut\u00e1ria: IBS\/CBS v\u00e3o mudar o pre\u00e7o de produtos e servi\u00e7os","description":"A Reforma Tribut\u00e1ria muda a estrutura do seu pre\u00e7o. Veja como o IBS e a CBS afetam a precifica\u00e7\u00e3o da sua empresa e o que revisar agora.","robots":{"index":"index","follow":"follow","max-snippet":"max-snippet:-1","max-image-preview":"max-image-preview:large","max-video-preview":"max-video-preview:-1"},"canonical":"https:\/\/plannercontabilidade.com\/blog\/2026\/08\/24\/reforma-tributaria-precificacao-ibs-cbs\/","og_locale":"pt_BR","og_type":"article","og_title":"Reforma Tribut\u00e1ria: IBS\/CBS v\u00e3o mudar o pre\u00e7o de produtos e servi\u00e7os","og_description":"A Reforma Tribut\u00e1ria muda a estrutura do seu pre\u00e7o. Veja como o IBS e a CBS afetam a precifica\u00e7\u00e3o da sua empresa e o que revisar agora.","og_url":"https:\/\/plannercontabilidade.com\/blog\/2026\/08\/24\/reforma-tributaria-precificacao-ibs-cbs\/","og_site_name":"Blog","article_published_time":"2026-08-24T20:47:15+00:00","article_modified_time":"2026-08-24T20:47:16+00:00","og_image":[{"width":1024,"height":576,"url":"https:\/\/plannercontabilidade.com\/blog\/wp-content\/uploads\/2026\/08\/banner-blog-reforma-tributaria-ibs-cbs-1024x576.png","type":"image\/png"}],"author":"Planner Contabilidade","twitter_card":"summary_large_image","twitter_misc":{"Escrito por":"Planner Contabilidade","Est. tempo de leitura":"10 minutos"},"schema":{"@context":"https:\/\/schema.org","@graph":[{"@type":"Article","@id":"https:\/\/plannercontabilidade.com\/blog\/2026\/08\/24\/reforma-tributaria-precificacao-ibs-cbs\/#article","isPartOf":{"@id":"https:\/\/plannercontabilidade.com\/blog\/2026\/08\/24\/reforma-tributaria-precificacao-ibs-cbs\/"},"author":{"name":"Planner Contabilidade","@id":"https:\/\/plannercontabilidade.com\/blog\/#\/schema\/person\/65d29f39ce5c0fefe9f2d134e70ecf08"},"headline":"Reforma Tribut\u00e1ria e precifica\u00e7\u00e3o","datePublished":"2026-08-24T20:47:15+00:00","dateModified":"2026-08-24T20:47:16+00:00","mainEntityOfPage":{"@id":"https:\/\/plannercontabilidade.com\/blog\/2026\/08\/24\/reforma-tributaria-precificacao-ibs-cbs\/"},"wordCount":1974,"commentCount":0,"publisher":{"@id":"https:\/\/plannercontabilidade.com\/blog\/#organization"},"image":{"@id":"https:\/\/plannercontabilidade.com\/blog\/2026\/08\/24\/reforma-tributaria-precificacao-ibs-cbs\/#primaryimage"},"thumbnailUrl":"https:\/\/plannercontabilidade.com\/blog\/wp-content\/uploads\/2026\/08\/banner-blog-reforma-tributaria-ibs-cbs.png","articleSection":["Reforma Tribut\u00e1ria"],"inLanguage":"pt-BR","potentialAction":[{"@type":"CommentAction","name":"Comment","target":["https:\/\/plannercontabilidade.com\/blog\/2026\/08\/24\/reforma-tributaria-precificacao-ibs-cbs\/#respond"]}]},{"@type":"WebPage","@id":"https:\/\/plannercontabilidade.com\/blog\/2026\/08\/24\/reforma-tributaria-precificacao-ibs-cbs\/","url":"https:\/\/plannercontabilidade.com\/blog\/2026\/08\/24\/reforma-tributaria-precificacao-ibs-cbs\/","name":"Reforma Tribut\u00e1ria: IBS\/CBS v\u00e3o mudar o pre\u00e7o de produtos e servi\u00e7os","isPartOf":{"@id":"https:\/\/plannercontabilidade.com\/blog\/#website"},"primaryImageOfPage":{"@id":"https:\/\/plannercontabilidade.com\/blog\/2026\/08\/24\/reforma-tributaria-precificacao-ibs-cbs\/#primaryimage"},"image":{"@id":"https:\/\/plannercontabilidade.com\/blog\/2026\/08\/24\/reforma-tributaria-precificacao-ibs-cbs\/#primaryimage"},"thumbnailUrl":"https:\/\/plannercontabilidade.com\/blog\/wp-content\/uploads\/2026\/08\/banner-blog-reforma-tributaria-ibs-cbs.png","datePublished":"2026-08-24T20:47:15+00:00","dateModified":"2026-08-24T20:47:16+00:00","description":"A Reforma Tribut\u00e1ria muda a estrutura do seu pre\u00e7o. Veja como o IBS e a CBS afetam a precifica\u00e7\u00e3o da sua empresa e o que revisar agora.","breadcrumb":{"@id":"https:\/\/plannercontabilidade.com\/blog\/2026\/08\/24\/reforma-tributaria-precificacao-ibs-cbs\/#breadcrumb"},"inLanguage":"pt-BR","potentialAction":[{"@type":"ReadAction","target":["https:\/\/plannercontabilidade.com\/blog\/2026\/08\/24\/reforma-tributaria-precificacao-ibs-cbs\/"]}]},{"@type":"ImageObject","inLanguage":"pt-BR","@id":"https:\/\/plannercontabilidade.com\/blog\/2026\/08\/24\/reforma-tributaria-precificacao-ibs-cbs\/#primaryimage","url":"https:\/\/plannercontabilidade.com\/blog\/wp-content\/uploads\/2026\/08\/banner-blog-reforma-tributaria-ibs-cbs.png","contentUrl":"https:\/\/plannercontabilidade.com\/blog\/wp-content\/uploads\/2026\/08\/banner-blog-reforma-tributaria-ibs-cbs.png","width":1600,"height":900,"caption":"reforma tribut\u00e1ria precifica\u00e7\u00e3o"},{"@type":"BreadcrumbList","@id":"https:\/\/plannercontabilidade.com\/blog\/2026\/08\/24\/reforma-tributaria-precificacao-ibs-cbs\/#breadcrumb","itemListElement":[{"@type":"ListItem","position":1,"name":"In\u00edcio","item":"https:\/\/plannercontabilidade.com\/blog\/"},{"@type":"ListItem","position":2,"name":"Reforma Tribut\u00e1ria e precifica\u00e7\u00e3o"}]},{"@type":"WebSite","@id":"https:\/\/plannercontabilidade.com\/blog\/#website","url":"https:\/\/plannercontabilidade.com\/blog\/","name":"Blog","description":"Planner Contabilidade","publisher":{"@id":"https:\/\/plannercontabilidade.com\/blog\/#organization"},"potentialAction":[{"@type":"SearchAction","target":{"@type":"EntryPoint","urlTemplate":"https:\/\/plannercontabilidade.com\/blog\/?s={search_term_string}"},"query-input":{"@type":"PropertyValueSpecification","valueRequired":true,"valueName":"search_term_string"}}],"inLanguage":"pt-BR"},{"@type":"Organization","@id":"https:\/\/plannercontabilidade.com\/blog\/#organization","name":"Planner Contabilidade","url":"https:\/\/plannercontabilidade.com\/blog\/","logo":{"@type":"ImageObject","inLanguage":"pt-BR","@id":"https:\/\/plannercontabilidade.com\/blog\/#\/schema\/logo\/image\/","url":"https:\/\/plannercontabilidade.com\/blog\/wp-content\/uploads\/2026\/03\/Logo-Planner-FINAL-Fundo-Branco.png","contentUrl":"https:\/\/plannercontabilidade.com\/blog\/wp-content\/uploads\/2026\/03\/Logo-Planner-FINAL-Fundo-Branco.png","width":1920,"height":1080,"caption":"Planner Contabilidade"},"image":{"@id":"https:\/\/plannercontabilidade.com\/blog\/#\/schema\/logo\/image\/"},"sameAs":["http:\/\/instagram.com\/planner_contabil"]},{"@type":"Person","@id":"https:\/\/plannercontabilidade.com\/blog\/#\/schema\/person\/65d29f39ce5c0fefe9f2d134e70ecf08","name":"Planner Contabilidade","image":{"@type":"ImageObject","inLanguage":"pt-BR","@id":"https:\/\/secure.gravatar.com\/avatar\/7ef5a376b9a0ec9d1bae5299fcc679f4b15539d73392e2d8547a1a94821b22a0?s=96&d=mm&r=g","url":"https:\/\/secure.gravatar.com\/avatar\/7ef5a376b9a0ec9d1bae5299fcc679f4b15539d73392e2d8547a1a94821b22a0?s=96&d=mm&r=g","contentUrl":"https:\/\/secure.gravatar.com\/avatar\/7ef5a376b9a0ec9d1bae5299fcc679f4b15539d73392e2d8547a1a94821b22a0?s=96&d=mm&r=g","caption":"Planner Contabilidade"},"sameAs":["https:\/\/plannercontabilidade.com\/blog"],"url":"https:\/\/plannercontabilidade.com\/blog\/author\/admin\/"}]}},"_links":{"self":[{"href":"https:\/\/plannercontabilidade.com\/blog\/wp-json\/wp\/v2\/posts\/192","targetHints":{"allow":["GET"]}}],"collection":[{"href":"https:\/\/plannercontabilidade.com\/blog\/wp-json\/wp\/v2\/posts"}],"about":[{"href":"https:\/\/plannercontabilidade.com\/blog\/wp-json\/wp\/v2\/types\/post"}],"author":[{"embeddable":true,"href":"https:\/\/plannercontabilidade.com\/blog\/wp-json\/wp\/v2\/users\/1"}],"replies":[{"embeddable":true,"href":"https:\/\/plannercontabilidade.com\/blog\/wp-json\/wp\/v2\/comments?post=192"}],"version-history":[{"count":1,"href":"https:\/\/plannercontabilidade.com\/blog\/wp-json\/wp\/v2\/posts\/192\/revisions"}],"predecessor-version":[{"id":193,"href":"https:\/\/plannercontabilidade.com\/blog\/wp-json\/wp\/v2\/posts\/192\/revisions\/193"}],"wp:featuredmedia":[{"embeddable":true,"href":"https:\/\/plannercontabilidade.com\/blog\/wp-json\/wp\/v2\/media\/194"}],"wp:attachment":[{"href":"https:\/\/plannercontabilidade.com\/blog\/wp-json\/wp\/v2\/media?parent=192"}],"wp:term":[{"taxonomy":"category","embeddable":true,"href":"https:\/\/plannercontabilidade.com\/blog\/wp-json\/wp\/v2\/categories?post=192"},{"taxonomy":"post_tag","embeddable":true,"href":"https:\/\/plannercontabilidade.com\/blog\/wp-json\/wp\/v2\/tags?post=192"}],"curies":[{"name":"wp","href":"https:\/\/api.w.org\/{rel}","templated":true}]}}