{"id":187,"date":"2026-08-18T08:00:00","date_gmt":"2026-08-18T11:00:00","guid":{"rendered":"https:\/\/plannercontabilidade.com\/blog\/?p=187"},"modified":"2026-08-14T23:17:13","modified_gmt":"2026-08-15T02:17:13","slug":"contabilidade-prestadores-servicos-betim","status":"publish","type":"post","link":"https:\/\/plannercontabilidade.com\/blog\/2026\/08\/18\/contabilidade-prestadores-servicos-betim\/","title":{"rendered":"Contabilidade para prestadores de servi\u00e7os em Betim: tributa\u00e7\u00e3o, Fator R e Reforma Tribut\u00e1ria"},"content":{"rendered":"<p><!-- POST LOCAL \u2014 Contabilidade para prestadores de servi\u00e7os em Betim --><br \/>\n<!-- Cole no WordPress em modo HTML\/C\u00f3digo --><\/p>\n<nav>\n<h2>Neste artigo<\/h2>\n<ul>\n<li><a href=\"#desafios\">Os desafios tribut\u00e1rios de quem presta servi\u00e7os<\/a><\/li>\n<li><a href=\"#regime\">Qual regime tribut\u00e1rio \u00e9 mais vantajoso para prestadores<\/a><\/li>\n<li><a href=\"#fator-r\">Como o Fator R pode reduzir seus impostos<\/a><\/li>\n<li><a href=\"#reforma\">O que a Reforma Tribut\u00e1ria muda para prestadores de servi\u00e7os<\/a><\/li>\n<li><a href=\"#nota-fiscal\">Nota fiscal de servi\u00e7os em Betim: o que voc\u00ea precisa saber<\/a><\/li>\n<li><a href=\"#planner\">Como a Planner atende prestadores de servi\u00e7os em Betim<\/a><\/li>\n<li><a href=\"#faq\">Perguntas frequentes<\/a><\/li>\n<\/ul>\n<\/nav>\n<p>Prestar servi\u00e7os \u00e9, na teoria, um dos modelos de neg\u00f3cio mais simples de operar. Na pr\u00e1tica, \u00e9 um dos que geram mais d\u00favidas tribut\u00e1rias \u2014 e mais erros fiscais que custam caro.<\/p>\n<p>Em Betim e regi\u00e3o, milhares de profissionais liberais, consultores, cl\u00ednicas, ag\u00eancias, escrit\u00f3rios e empresas de tecnologia enfrentam as mesmas perguntas todo ano: qual regime tribut\u00e1rio escolher, como emitir nota fiscal, quanto pagar de imposto e como a Reforma Tribut\u00e1ria vai afetar o neg\u00f3cio. Este artigo responde essas perguntas com clareza.<\/p>\n<h2 id=\"desafios\">1. Os desafios tribut\u00e1rios de quem presta servi\u00e7os<\/h2>\n<p>Empresas prestadoras de servi\u00e7os t\u00eam caracter\u00edsticas tribut\u00e1rias distintas do com\u00e9rcio e da ind\u00fastria \u2014 e ignorar essas particularidades \u00e9 o caminho mais r\u00e1pido para pagar imposto a mais ou cair em irregularidade fiscal.<\/p>\n<ul class=\"planner-checklist\">\n<li><strong>Carga tribut\u00e1ria mais alta no Simples Nacional:<\/strong> prestadores de servi\u00e7os costumam se enquadrar nos Anexos III, IV ou V do Simples, que t\u00eam al\u00edquotas maiores do que os anexos do com\u00e9rcio.<\/li>\n<li><strong>ISS municipal com regras que variam por cidade:<\/strong> em Betim, as al\u00edquotas do ISS variam conforme a atividade \u2014 e muitos prestadores emitem nota com al\u00edquota errada sem saber.<\/li>\n<li><strong>Reten\u00e7\u00e3o na fonte pelo tomador:<\/strong> em muitos contratos B2B, o cliente \u00e9 obrigado a reter IR, PIS, Cofins, CSLL e ISS na fonte. Se a empresa n\u00e3o controla esse fluxo, pode pagar imposto em duplicidade.<\/li>\n<li><strong>Pr\u00f3-labore e distribui\u00e7\u00e3o de lucros:<\/strong> a combina\u00e7\u00e3o entre pr\u00f3-labore e retirada de lucros \u00e9 uma das decis\u00f5es mais importantes para prestadores \u2014 e precisa ser planejada com cuidado, especialmente ap\u00f3s a Lei 15.270\/2025.<\/li>\n<li><strong>Contratos de longo prazo e Reforma Tribut\u00e1ria:<\/strong> contratos fechados hoje sem cl\u00e1usula de revis\u00e3o tribut\u00e1ria podem gerar preju\u00edzo quando o IBS e a CBS entrarem em vigor pleno.<\/li>\n<\/ul>\n<h2 id=\"regime\">2. Qual regime tribut\u00e1rio \u00e9 mais vantajoso para prestadores de servi\u00e7os<\/h2>\n<p>N\u00e3o existe uma resposta \u00fanica \u2014 depende do faturamento, da atividade, da folha de pagamento e da margem de lucro da empresa. Mas h\u00e1 alguns par\u00e2metros que orientam bem a an\u00e1lise:<\/p>\n<div class=\"planner-grid\">\n<div class=\"planner-card\">\n<h3>Simples Nacional<\/h3>\n<p>Indicado para prestadores com faturamento at\u00e9 R$ 4,8 milh\u00f5es e folha de pagamento representativa (para aproveitar o Fator R). A simplicidade do recolhimento \u00e9 uma vantagem, mas as al\u00edquotas dos Anexos IV e V podem ser altas para servi\u00e7os intelectuais.<\/p>\n<\/p><\/div>\n<div class=\"planner-card\">\n<h3>Lucro Presumido<\/h3>\n<p>Pode ser vantajoso para prestadores com margem de lucro real superior a 32% \u2014 o percentual de presun\u00e7\u00e3o do IRPJ para servi\u00e7os. Para faturamento acima de R$ 5 milh\u00f5es, a LC 224\/2025 aumentou esse percentual para 35,2%, o que merece nova an\u00e1lise.<\/p>\n<\/p><\/div>\n<div class=\"planner-card\">\n<h3>Lucro Real<\/h3>\n<p>Indicado quando a margem de lucro real \u00e9 menor do que o percentual de presun\u00e7\u00e3o, quando h\u00e1 preju\u00edzos acumulados ou quando os cr\u00e9ditos de PIS\/Cofins (CBS) s\u00e3o relevantes. Exige escritura\u00e7\u00e3o cont\u00e1bil mais rigorosa.<\/p>\n<\/p><\/div>\n<\/div>\n<p>A escolha errada do regime pode custar entre 5% e 15% do faturamento anual em impostos pagos a mais. Uma simula\u00e7\u00e3o comparativa com seu contador, feita com os dados reais da empresa, \u00e9 indispens\u00e1vel antes de qualquer decis\u00e3o.<\/p>\n<h2 id=\"fator-r\">3. Como o Fator R pode reduzir os impostos de prestadores no Simples<\/h2>\n<p>O <strong>Fator R<\/strong> \u00e9 um dos mecanismos menos conhecidos \u2014 e mais poderosos \u2014 para reduzir a carga tribut\u00e1ria de prestadores de servi\u00e7os no Simples Nacional.<\/p>\n<p>Quando a rela\u00e7\u00e3o entre a folha de pagamento dos \u00faltimos 12 meses e o faturamento dos \u00faltimos 12 meses \u00e9 igual ou superior a 28%, a empresa pode ser tributada pelo <strong>Anexo III<\/strong> do Simples \u2014 que tem al\u00edquotas significativamente menores do que o <strong>Anexo V<\/strong>, geralmente aplicado a servi\u00e7os intelectuais, consultorias e tecnologia.<\/p>\n<p><strong>Exemplo pr\u00e1tico:<\/strong> Uma empresa de consultoria com faturamento de R$ 600 mil anuais pode ter al\u00edquota efetiva de 6% no Anexo III ou de 17,5% no Anexo V. A diferen\u00e7a \u00e9 de mais de R$ 60 mil por ano \u2014 apenas pela aplica\u00e7\u00e3o correta do Fator R.<\/p>\n<p>O Fator R \u00e9 recalculado mensalmente, com base nos 12 meses anteriores. Isso significa que decis\u00f5es de contrata\u00e7\u00e3o, remunera\u00e7\u00e3o e distribui\u00e7\u00e3o de pr\u00f3-labore afetam diretamente o enquadramento \u2014 e precisam ser acompanhadas todo m\u00eas pelo contador.<\/p>\n<div class=\"planner-alert\">\n<p><strong>Aten\u00e7\u00e3o:<\/strong> Muitos prestadores de servi\u00e7os em Betim est\u00e3o pagando imposto pelo Anexo V sem saber que poderiam estar no Anexo III. Se voc\u00ea nunca fez essa an\u00e1lise, pe\u00e7a ao seu contador uma revis\u00e3o do hist\u00f3rico dos \u00faltimos 12 meses.<\/p>\n<\/div>\n<h2 id=\"reforma\">4. O que a Reforma Tribut\u00e1ria muda para prestadores de servi\u00e7os em Betim<\/h2>\n<p>O setor de servi\u00e7os \u00e9 um dos mais impactados pela Reforma Tribut\u00e1ria \u2014 e os prestadores que n\u00e3o se prepararem agora v\u00e3o sentir o impacto mais \u00e0 frente.<\/p>\n<p>As principais mudan\u00e7as para quem presta servi\u00e7os:<\/p>\n<ul class=\"planner-checklist\">\n<li><strong>Fim do ISS com al\u00edquota entre 2% e 5%:<\/strong> o IBS vai substituir o ISS progressivamente at\u00e9 2033. A al\u00edquota efetiva do IBS para servi\u00e7os tende a ser maior \u2014 com cr\u00e9dito para clientes B2B que o ISS n\u00e3o oferecia.<\/li>\n<li><strong>Impacto diferente para B2B e B2C:<\/strong> prestadores que atendem empresas (B2B) podem se beneficiar da n\u00e3o-cumulatividade do IBS. Quem atende consumidor final (B2C) tende a ter aumento de carga tribut\u00e1ria.<\/li>\n<li><strong>Contratos longos precisam de cl\u00e1usula de revis\u00e3o:<\/strong> acordos fechados hoje com precifica\u00e7\u00e3o baseada no ISS podem gerar preju\u00edzo quando o IBS estiver em vigor pleno.<\/li>\n<li><strong>Simples Nacional H\u00edbrido a partir de 2027:<\/strong> prestadores no Simples que vendem para empresas devem avaliar se o modelo h\u00edbrido \u2014 recolhendo IBS\/CBS fora do DAS \u2014 n\u00e3o seria mais competitivo para seus clientes.<\/li>\n<\/ul>\n<h2 id=\"nota-fiscal\">5. Nota fiscal de servi\u00e7os em Betim: o que voc\u00ea precisa saber<\/h2>\n<p>A emiss\u00e3o de nota fiscal de servi\u00e7os (NFS-e) em Betim \u00e9 feita pelo portal da <strong>Prefeitura de Betim<\/strong>, no sistema de NFS-e municipal. Algumas informa\u00e7\u00f5es importantes para prestadores:<\/p>\n<ul class=\"planner-checklist\">\n<li>A al\u00edquota do ISS em Betim varia de <strong>2% a 5%<\/strong> conforme o servi\u00e7o prestado \u2014 verificar o c\u00f3digo correto da lista de servi\u00e7os da LC 116\/2003 \u00e9 obrigat\u00f3rio para n\u00e3o emitir com al\u00edquota errada.<\/li>\n<li>Quando o tomador \u00e9 uma empresa de outro munic\u00edpio, o ISS pode ser devido no local do tomador ou no local do prestador, dependendo da atividade \u2014 uma das maiores fontes de erro fiscal em servi\u00e7os.<\/li>\n<li>Para prestadores do Simples Nacional, o ISS j\u00e1 est\u00e1 inclu\u00eddo no DAS \u2014 mas a nota fiscal precisa ser emitida normalmente pelo sistema municipal.<\/li>\n<li>Servi\u00e7os sujeitos \u00e0 reten\u00e7\u00e3o na fonte pelo tomador precisam ter esse tratamento refletido na nota fiscal \u2014 com destaque da reten\u00e7\u00e3o e do valor l\u00edquido a receber.<\/li>\n<\/ul>\n<h2 id=\"planner\">6. Como a Planner Contabilidade atende prestadores de servi\u00e7os em Betim<\/h2>\n<p>A Planner Contabilidade e Assessoria tem experi\u00eancia consolidada no atendimento a prestadores de servi\u00e7os em Betim e regi\u00e3o metropolitana de Belo Horizonte \u2014 de profissionais liberais e MEIs at\u00e9 empresas de m\u00e9dio porte nos segmentos de consultoria, tecnologia, sa\u00fade, engenharia e servi\u00e7os especializados.<\/p>\n<p>Nosso atendimento vai al\u00e9m das obriga\u00e7\u00f5es b\u00e1sicas. Com a Planner, prestadores de servi\u00e7os t\u00eam:<\/p>\n<ul class=\"planner-checklist\">\n<li>An\u00e1lise e simula\u00e7\u00e3o de regime tribut\u00e1rio anual \u2014 Simples, Presumido ou Real.<\/li>\n<li>Acompanhamento mensal do Fator R para garantir o menor enquadramento poss\u00edvel no Simples.<\/li>\n<li>Orienta\u00e7\u00e3o sobre emiss\u00e3o de NFS-e em Betim e reten\u00e7\u00f5es na fonte.<\/li>\n<li>DRE mensal com an\u00e1lise de margem e indicadores financeiros.<\/li>\n<li>Planejamento de pr\u00f3-labore e distribui\u00e7\u00e3o de lucros conforme a Lei 15.270\/2025.<\/li>\n<li>Orienta\u00e7\u00e3o sobre o impacto da Reforma Tribut\u00e1ria nos contratos e na precifica\u00e7\u00e3o.<\/li>\n<li>Suporte em abertura, altera\u00e7\u00e3o e regulariza\u00e7\u00e3o de CNPJs junto \u00e0 Prefeitura de Betim e demais \u00f3rg\u00e3os.<\/li>\n<\/ul>\n<div class=\"planner-grid\">\n<div class=\"planner-card\">\n<h3>Onde estamos<\/h3>\n<p>Rua Geraldo de Assis Moreira, 16 \u2014 Salas 501 a 506<br \/>Centro, Betim \u2014 MG<\/p>\n<\/p><\/div>\n<div class=\"planner-card\">\n<h3>Como falar conosco<\/h3>\n<p>WhatsApp: (31) 9 9632-5051<br \/>Atendimento de segunda a sexta, em hor\u00e1rio comercial.<\/p>\n<\/p><\/div>\n<\/div>\n<div class=\"planner-custom-cta\">\n<div class=\"planner-custom-cta__icon\">\ud83d\udccd<\/div>\n<div>\n<h3>Fale com um contador especialista em prestadores de servi\u00e7os em Betim<\/h3>\n<p>A Planner analisa o regime tribut\u00e1rio da sua empresa, acompanha o Fator R todo m\u00eas e orienta sobre a Reforma Tribut\u00e1ria \u2014 para voc\u00ea pagar menos imposto e crescer com mais seguran\u00e7a.<\/p>\n<p>    <a class=\"btn-cta\" href=\"https:\/\/wa.me\/5531996325051?text=Ol%C3%A1%2C+vim+pelo+blog+e+sou+prestador+de+servi%C3%A7os+em+Betim.+Quero+conhecer+a+Planner.\" target=\"_blank\" rel=\"noopener\">Falar com a Planner pelo WhatsApp<\/a>\n  <\/div>\n<\/div>\n<h2 id=\"faq\">7. Perguntas frequentes<\/h2>\n<details>\n<summary>Qual o melhor regime tribut\u00e1rio para prestadores de servi\u00e7os em Betim?<\/summary>\n<p>Depende do faturamento, da folha de pagamento, da margem de lucro e da atividade espec\u00edfica. Para prestadores com faturamento at\u00e9 R$ 4,8 milh\u00f5es e folha representativa, o Simples Nacional com Fator R costuma ser vantajoso. Para faturamento maior ou margens menores, o Lucro Real pode ser mais eficiente. Uma simula\u00e7\u00e3o com os dados reais da empresa \u00e9 o \u00fanico caminho seguro para essa decis\u00e3o.<\/p>\n<\/details>\n<details>\n<summary>O que \u00e9 o Fator R e como ele afeta os impostos da minha empresa de servi\u00e7os?<\/summary>\n<p>O Fator R \u00e9 a rela\u00e7\u00e3o entre a folha de pagamento e o faturamento dos \u00faltimos 12 meses. Quando essa rela\u00e7\u00e3o \u00e9 igual ou maior que 28%, a empresa de servi\u00e7os pode ser enquadrada no Anexo III do Simples \u2014 com al\u00edquotas menores do que o Anexo V. Dependendo do faturamento, a diferen\u00e7a pode representar dezenas de milhares de reais por ano em imposto economizado legalmente.<\/p>\n<\/details>\n<details>\n<summary>Como emitir nota fiscal de servi\u00e7os em Betim?<\/summary>\n<p>A nota fiscal de servi\u00e7os (NFS-e) em Betim \u00e9 emitida pelo portal da Prefeitura Municipal de Betim. O prestador precisa estar cadastrado no sistema, identificar corretamente o c\u00f3digo do servi\u00e7o conforme a lista da LC 116\/2003 e aplicar a al\u00edquota de ISS correspondente \u00e0 atividade. Para prestadores do Simples Nacional, o ISS j\u00e1 est\u00e1 no DAS, mas a nota precisa ser emitida normalmente.<\/p>\n<\/details>\n<details>\n<summary>A Reforma Tribut\u00e1ria vai aumentar os impostos de quem presta servi\u00e7os?<\/summary>\n<p>Depende do perfil da empresa. Prestadores que atendem outras empresas (B2B) podem se beneficiar da n\u00e3o-cumulatividade do IBS \u2014 o que pode compensar ou at\u00e9 superar o aumento de al\u00edquota. J\u00e1 prestadores que atendem consumidor final (B2C) tendem a ter aumento de carga tribut\u00e1ria, pois o consumidor n\u00e3o aproveita cr\u00e9ditos. A an\u00e1lise por segmento e perfil de clientela \u00e9 essencial.<\/p>\n<\/details>\n<details>\n<summary>A Planner Contabilidade atende MEI e aut\u00f4nomo em Betim?<\/summary>\n<p>Sim. Atendemos desde MEIs e profissionais aut\u00f4nomos que precisam se formalizar at\u00e9 empresas de m\u00e9dio porte no setor de servi\u00e7os. Para MEIs, orientamos sobre os limites de faturamento, o momento certo de migrar para ME e como organizar a emiss\u00e3o de notas e o pagamento do DAS. Para aut\u00f4nomos, ajudamos na abertura do CNPJ mais adequado e no enquadramento tribut\u00e1rio correto desde o in\u00edcio.<\/p>\n<\/details>\n","protected":false},"excerpt":{"rendered":"<p>Neste artigo Os desafios tribut\u00e1rios de quem presta servi\u00e7os Qual regime tribut\u00e1rio \u00e9 mais vantajoso para prestadores Como o Fator R pode reduzir seus impostos O que a&#8230;<\/p>\n","protected":false},"author":1,"featured_media":188,"comment_status":"open","ping_status":"open","sticky":false,"template":"","format":"standard","meta":{"footnotes":""},"categories":[9],"tags":[],"class_list":["post-187","post","type-post","status-publish","format-standard","has-post-thumbnail","hentry","category-prestadores-de-servico"],"yoast_head":"<!-- This site is optimized with the Yoast SEO plugin v28.2 - https:\/\/yoast.com\/product\/yoast-seo-wordpress\/ -->\n<title>Contabilidade para prestadores de servi\u00e7os em Betim<\/title>\n<meta name=\"description\" content=\"Contabilidade especializada para prestadores de servi\u00e7os em Betim. An\u00e1lise de regime tribut\u00e1rio, Fator R, NFS-e e Reforma Tribut\u00e1ria.\" \/>\n<meta name=\"robots\" content=\"index, follow, max-snippet:-1, max-image-preview:large, max-video-preview:-1\" \/>\n<link rel=\"canonical\" href=\"https:\/\/plannercontabilidade.com\/blog\/2026\/08\/18\/contabilidade-prestadores-servicos-betim\/\" \/>\n<meta property=\"og:locale\" content=\"pt_BR\" \/>\n<meta property=\"og:type\" content=\"article\" \/>\n<meta property=\"og:title\" content=\"Contabilidade para prestadores de servi\u00e7os em Betim\" \/>\n<meta property=\"og:description\" content=\"Contabilidade especializada para prestadores de servi\u00e7os em Betim. An\u00e1lise de regime tribut\u00e1rio, Fator R, NFS-e e Reforma Tribut\u00e1ria.\" \/>\n<meta property=\"og:url\" content=\"https:\/\/plannercontabilidade.com\/blog\/2026\/08\/18\/contabilidade-prestadores-servicos-betim\/\" \/>\n<meta property=\"og:site_name\" content=\"Blog\" \/>\n<meta property=\"article:published_time\" content=\"2026-08-18T11:00:00+00:00\" \/>\n<meta property=\"og:image\" content=\"https:\/\/plannercontabilidade.com\/blog\/wp-content\/uploads\/2026\/08\/banner-blog-contabilidade-prestadores-servicos-betim.png\" \/>\n\t<meta property=\"og:image:width\" content=\"1600\" \/>\n\t<meta property=\"og:image:height\" content=\"900\" \/>\n\t<meta property=\"og:image:type\" content=\"image\/png\" \/>\n<meta name=\"author\" content=\"Planner Contabilidade\" \/>\n<meta name=\"twitter:card\" content=\"summary_large_image\" \/>\n<meta name=\"twitter:label1\" content=\"Escrito por\" \/>\n\t<meta name=\"twitter:data1\" content=\"Planner Contabilidade\" \/>\n\t<meta name=\"twitter:label2\" content=\"Est. tempo de leitura\" \/>\n\t<meta name=\"twitter:data2\" content=\"10 minutos\" \/>\n<script type=\"application\/ld+json\" class=\"yoast-schema-graph\">{\"@context\":\"https:\\\/\\\/schema.org\",\"@graph\":[{\"@type\":\"Article\",\"@id\":\"https:\\\/\\\/plannercontabilidade.com\\\/blog\\\/2026\\\/08\\\/18\\\/contabilidade-prestadores-servicos-betim\\\/#article\",\"isPartOf\":{\"@id\":\"https:\\\/\\\/plannercontabilidade.com\\\/blog\\\/2026\\\/08\\\/18\\\/contabilidade-prestadores-servicos-betim\\\/\"},\"author\":{\"name\":\"Planner Contabilidade\",\"@id\":\"https:\\\/\\\/plannercontabilidade.com\\\/blog\\\/#\\\/schema\\\/person\\\/65d29f39ce5c0fefe9f2d134e70ecf08\"},\"headline\":\"Contabilidade para prestadores de servi\u00e7os em Betim: tributa\u00e7\u00e3o, Fator R e Reforma Tribut\u00e1ria\",\"datePublished\":\"2026-08-18T11:00:00+00:00\",\"mainEntityOfPage\":{\"@id\":\"https:\\\/\\\/plannercontabilidade.com\\\/blog\\\/2026\\\/08\\\/18\\\/contabilidade-prestadores-servicos-betim\\\/\"},\"wordCount\":1829,\"commentCount\":0,\"publisher\":{\"@id\":\"https:\\\/\\\/plannercontabilidade.com\\\/blog\\\/#organization\"},\"image\":{\"@id\":\"https:\\\/\\\/plannercontabilidade.com\\\/blog\\\/2026\\\/08\\\/18\\\/contabilidade-prestadores-servicos-betim\\\/#primaryimage\"},\"thumbnailUrl\":\"https:\\\/\\\/plannercontabilidade.com\\\/blog\\\/wp-content\\\/uploads\\\/2026\\\/08\\\/banner-blog-contabilidade-prestadores-servicos-betim.png\",\"articleSection\":[\"Prestadores de Servi\u00e7o\"],\"inLanguage\":\"pt-BR\",\"potentialAction\":[{\"@type\":\"CommentAction\",\"name\":\"Comment\",\"target\":[\"https:\\\/\\\/plannercontabilidade.com\\\/blog\\\/2026\\\/08\\\/18\\\/contabilidade-prestadores-servicos-betim\\\/#respond\"]}]},{\"@type\":\"WebPage\",\"@id\":\"https:\\\/\\\/plannercontabilidade.com\\\/blog\\\/2026\\\/08\\\/18\\\/contabilidade-prestadores-servicos-betim\\\/\",\"url\":\"https:\\\/\\\/plannercontabilidade.com\\\/blog\\\/2026\\\/08\\\/18\\\/contabilidade-prestadores-servicos-betim\\\/\",\"name\":\"Contabilidade para prestadores de servi\u00e7os em Betim\",\"isPartOf\":{\"@id\":\"https:\\\/\\\/plannercontabilidade.com\\\/blog\\\/#website\"},\"primaryImageOfPage\":{\"@id\":\"https:\\\/\\\/plannercontabilidade.com\\\/blog\\\/2026\\\/08\\\/18\\\/contabilidade-prestadores-servicos-betim\\\/#primaryimage\"},\"image\":{\"@id\":\"https:\\\/\\\/plannercontabilidade.com\\\/blog\\\/2026\\\/08\\\/18\\\/contabilidade-prestadores-servicos-betim\\\/#primaryimage\"},\"thumbnailUrl\":\"https:\\\/\\\/plannercontabilidade.com\\\/blog\\\/wp-content\\\/uploads\\\/2026\\\/08\\\/banner-blog-contabilidade-prestadores-servicos-betim.png\",\"datePublished\":\"2026-08-18T11:00:00+00:00\",\"description\":\"Contabilidade especializada para prestadores de servi\u00e7os em Betim. An\u00e1lise de regime tribut\u00e1rio, Fator R, NFS-e e Reforma Tribut\u00e1ria.\",\"breadcrumb\":{\"@id\":\"https:\\\/\\\/plannercontabilidade.com\\\/blog\\\/2026\\\/08\\\/18\\\/contabilidade-prestadores-servicos-betim\\\/#breadcrumb\"},\"inLanguage\":\"pt-BR\",\"potentialAction\":[{\"@type\":\"ReadAction\",\"target\":[\"https:\\\/\\\/plannercontabilidade.com\\\/blog\\\/2026\\\/08\\\/18\\\/contabilidade-prestadores-servicos-betim\\\/\"]}]},{\"@type\":\"ImageObject\",\"inLanguage\":\"pt-BR\",\"@id\":\"https:\\\/\\\/plannercontabilidade.com\\\/blog\\\/2026\\\/08\\\/18\\\/contabilidade-prestadores-servicos-betim\\\/#primaryimage\",\"url\":\"https:\\\/\\\/plannercontabilidade.com\\\/blog\\\/wp-content\\\/uploads\\\/2026\\\/08\\\/banner-blog-contabilidade-prestadores-servicos-betim.png\",\"contentUrl\":\"https:\\\/\\\/plannercontabilidade.com\\\/blog\\\/wp-content\\\/uploads\\\/2026\\\/08\\\/banner-blog-contabilidade-prestadores-servicos-betim.png\",\"width\":1600,\"height\":900,\"caption\":\"contabilidade para prestadores de servi\u00e7os em Betim\"},{\"@type\":\"BreadcrumbList\",\"@id\":\"https:\\\/\\\/plannercontabilidade.com\\\/blog\\\/2026\\\/08\\\/18\\\/contabilidade-prestadores-servicos-betim\\\/#breadcrumb\",\"itemListElement\":[{\"@type\":\"ListItem\",\"position\":1,\"name\":\"In\u00edcio\",\"item\":\"https:\\\/\\\/plannercontabilidade.com\\\/blog\\\/\"},{\"@type\":\"ListItem\",\"position\":2,\"name\":\"Contabilidade para prestadores de servi\u00e7os em Betim: tributa\u00e7\u00e3o, Fator R e Reforma Tribut\u00e1ria\"}]},{\"@type\":\"WebSite\",\"@id\":\"https:\\\/\\\/plannercontabilidade.com\\\/blog\\\/#website\",\"url\":\"https:\\\/\\\/plannercontabilidade.com\\\/blog\\\/\",\"name\":\"Blog\",\"description\":\"Planner Contabilidade\",\"publisher\":{\"@id\":\"https:\\\/\\\/plannercontabilidade.com\\\/blog\\\/#organization\"},\"potentialAction\":[{\"@type\":\"SearchAction\",\"target\":{\"@type\":\"EntryPoint\",\"urlTemplate\":\"https:\\\/\\\/plannercontabilidade.com\\\/blog\\\/?s={search_term_string}\"},\"query-input\":{\"@type\":\"PropertyValueSpecification\",\"valueRequired\":true,\"valueName\":\"search_term_string\"}}],\"inLanguage\":\"pt-BR\"},{\"@type\":\"Organization\",\"@id\":\"https:\\\/\\\/plannercontabilidade.com\\\/blog\\\/#organization\",\"name\":\"Planner Contabilidade\",\"url\":\"https:\\\/\\\/plannercontabilidade.com\\\/blog\\\/\",\"logo\":{\"@type\":\"ImageObject\",\"inLanguage\":\"pt-BR\",\"@id\":\"https:\\\/\\\/plannercontabilidade.com\\\/blog\\\/#\\\/schema\\\/logo\\\/image\\\/\",\"url\":\"https:\\\/\\\/plannercontabilidade.com\\\/blog\\\/wp-content\\\/uploads\\\/2026\\\/03\\\/Logo-Planner-FINAL-Fundo-Branco.png\",\"contentUrl\":\"https:\\\/\\\/plannercontabilidade.com\\\/blog\\\/wp-content\\\/uploads\\\/2026\\\/03\\\/Logo-Planner-FINAL-Fundo-Branco.png\",\"width\":1920,\"height\":1080,\"caption\":\"Planner Contabilidade\"},\"image\":{\"@id\":\"https:\\\/\\\/plannercontabilidade.com\\\/blog\\\/#\\\/schema\\\/logo\\\/image\\\/\"},\"sameAs\":[\"http:\\\/\\\/instagram.com\\\/planner_contabil\"]},{\"@type\":\"Person\",\"@id\":\"https:\\\/\\\/plannercontabilidade.com\\\/blog\\\/#\\\/schema\\\/person\\\/65d29f39ce5c0fefe9f2d134e70ecf08\",\"name\":\"Planner Contabilidade\",\"image\":{\"@type\":\"ImageObject\",\"inLanguage\":\"pt-BR\",\"@id\":\"https:\\\/\\\/secure.gravatar.com\\\/avatar\\\/7ef5a376b9a0ec9d1bae5299fcc679f4b15539d73392e2d8547a1a94821b22a0?s=96&d=mm&r=g\",\"url\":\"https:\\\/\\\/secure.gravatar.com\\\/avatar\\\/7ef5a376b9a0ec9d1bae5299fcc679f4b15539d73392e2d8547a1a94821b22a0?s=96&d=mm&r=g\",\"contentUrl\":\"https:\\\/\\\/secure.gravatar.com\\\/avatar\\\/7ef5a376b9a0ec9d1bae5299fcc679f4b15539d73392e2d8547a1a94821b22a0?s=96&d=mm&r=g\",\"caption\":\"Planner Contabilidade\"},\"sameAs\":[\"https:\\\/\\\/plannercontabilidade.com\\\/blog\"],\"url\":\"https:\\\/\\\/plannercontabilidade.com\\\/blog\\\/author\\\/admin\\\/\"}]}<\/script>\n<!-- \/ Yoast SEO plugin. -->","yoast_head_json":{"title":"Contabilidade para prestadores de servi\u00e7os em Betim","description":"Contabilidade especializada para prestadores de servi\u00e7os em Betim. An\u00e1lise de regime tribut\u00e1rio, Fator R, NFS-e e Reforma Tribut\u00e1ria.","robots":{"index":"index","follow":"follow","max-snippet":"max-snippet:-1","max-image-preview":"max-image-preview:large","max-video-preview":"max-video-preview:-1"},"canonical":"https:\/\/plannercontabilidade.com\/blog\/2026\/08\/18\/contabilidade-prestadores-servicos-betim\/","og_locale":"pt_BR","og_type":"article","og_title":"Contabilidade para prestadores de servi\u00e7os em Betim","og_description":"Contabilidade especializada para prestadores de servi\u00e7os em Betim. An\u00e1lise de regime tribut\u00e1rio, Fator R, NFS-e e Reforma Tribut\u00e1ria.","og_url":"https:\/\/plannercontabilidade.com\/blog\/2026\/08\/18\/contabilidade-prestadores-servicos-betim\/","og_site_name":"Blog","article_published_time":"2026-08-18T11:00:00+00:00","og_image":[{"width":1600,"height":900,"url":"https:\/\/plannercontabilidade.com\/blog\/wp-content\/uploads\/2026\/08\/banner-blog-contabilidade-prestadores-servicos-betim.png","type":"image\/png"}],"author":"Planner Contabilidade","twitter_card":"summary_large_image","twitter_misc":{"Escrito por":"Planner Contabilidade","Est. tempo de leitura":"10 minutos"},"schema":{"@context":"https:\/\/schema.org","@graph":[{"@type":"Article","@id":"https:\/\/plannercontabilidade.com\/blog\/2026\/08\/18\/contabilidade-prestadores-servicos-betim\/#article","isPartOf":{"@id":"https:\/\/plannercontabilidade.com\/blog\/2026\/08\/18\/contabilidade-prestadores-servicos-betim\/"},"author":{"name":"Planner Contabilidade","@id":"https:\/\/plannercontabilidade.com\/blog\/#\/schema\/person\/65d29f39ce5c0fefe9f2d134e70ecf08"},"headline":"Contabilidade para prestadores de servi\u00e7os em Betim: tributa\u00e7\u00e3o, Fator R e Reforma Tribut\u00e1ria","datePublished":"2026-08-18T11:00:00+00:00","mainEntityOfPage":{"@id":"https:\/\/plannercontabilidade.com\/blog\/2026\/08\/18\/contabilidade-prestadores-servicos-betim\/"},"wordCount":1829,"commentCount":0,"publisher":{"@id":"https:\/\/plannercontabilidade.com\/blog\/#organization"},"image":{"@id":"https:\/\/plannercontabilidade.com\/blog\/2026\/08\/18\/contabilidade-prestadores-servicos-betim\/#primaryimage"},"thumbnailUrl":"https:\/\/plannercontabilidade.com\/blog\/wp-content\/uploads\/2026\/08\/banner-blog-contabilidade-prestadores-servicos-betim.png","articleSection":["Prestadores de Servi\u00e7o"],"inLanguage":"pt-BR","potentialAction":[{"@type":"CommentAction","name":"Comment","target":["https:\/\/plannercontabilidade.com\/blog\/2026\/08\/18\/contabilidade-prestadores-servicos-betim\/#respond"]}]},{"@type":"WebPage","@id":"https:\/\/plannercontabilidade.com\/blog\/2026\/08\/18\/contabilidade-prestadores-servicos-betim\/","url":"https:\/\/plannercontabilidade.com\/blog\/2026\/08\/18\/contabilidade-prestadores-servicos-betim\/","name":"Contabilidade para prestadores de servi\u00e7os em Betim","isPartOf":{"@id":"https:\/\/plannercontabilidade.com\/blog\/#website"},"primaryImageOfPage":{"@id":"https:\/\/plannercontabilidade.com\/blog\/2026\/08\/18\/contabilidade-prestadores-servicos-betim\/#primaryimage"},"image":{"@id":"https:\/\/plannercontabilidade.com\/blog\/2026\/08\/18\/contabilidade-prestadores-servicos-betim\/#primaryimage"},"thumbnailUrl":"https:\/\/plannercontabilidade.com\/blog\/wp-content\/uploads\/2026\/08\/banner-blog-contabilidade-prestadores-servicos-betim.png","datePublished":"2026-08-18T11:00:00+00:00","description":"Contabilidade especializada para prestadores de servi\u00e7os em Betim. An\u00e1lise de regime tribut\u00e1rio, Fator R, NFS-e e Reforma Tribut\u00e1ria.","breadcrumb":{"@id":"https:\/\/plannercontabilidade.com\/blog\/2026\/08\/18\/contabilidade-prestadores-servicos-betim\/#breadcrumb"},"inLanguage":"pt-BR","potentialAction":[{"@type":"ReadAction","target":["https:\/\/plannercontabilidade.com\/blog\/2026\/08\/18\/contabilidade-prestadores-servicos-betim\/"]}]},{"@type":"ImageObject","inLanguage":"pt-BR","@id":"https:\/\/plannercontabilidade.com\/blog\/2026\/08\/18\/contabilidade-prestadores-servicos-betim\/#primaryimage","url":"https:\/\/plannercontabilidade.com\/blog\/wp-content\/uploads\/2026\/08\/banner-blog-contabilidade-prestadores-servicos-betim.png","contentUrl":"https:\/\/plannercontabilidade.com\/blog\/wp-content\/uploads\/2026\/08\/banner-blog-contabilidade-prestadores-servicos-betim.png","width":1600,"height":900,"caption":"contabilidade para prestadores de servi\u00e7os em Betim"},{"@type":"BreadcrumbList","@id":"https:\/\/plannercontabilidade.com\/blog\/2026\/08\/18\/contabilidade-prestadores-servicos-betim\/#breadcrumb","itemListElement":[{"@type":"ListItem","position":1,"name":"In\u00edcio","item":"https:\/\/plannercontabilidade.com\/blog\/"},{"@type":"ListItem","position":2,"name":"Contabilidade para prestadores de servi\u00e7os em Betim: tributa\u00e7\u00e3o, Fator R e Reforma Tribut\u00e1ria"}]},{"@type":"WebSite","@id":"https:\/\/plannercontabilidade.com\/blog\/#website","url":"https:\/\/plannercontabilidade.com\/blog\/","name":"Blog","description":"Planner Contabilidade","publisher":{"@id":"https:\/\/plannercontabilidade.com\/blog\/#organization"},"potentialAction":[{"@type":"SearchAction","target":{"@type":"EntryPoint","urlTemplate":"https:\/\/plannercontabilidade.com\/blog\/?s={search_term_string}"},"query-input":{"@type":"PropertyValueSpecification","valueRequired":true,"valueName":"search_term_string"}}],"inLanguage":"pt-BR"},{"@type":"Organization","@id":"https:\/\/plannercontabilidade.com\/blog\/#organization","name":"Planner Contabilidade","url":"https:\/\/plannercontabilidade.com\/blog\/","logo":{"@type":"ImageObject","inLanguage":"pt-BR","@id":"https:\/\/plannercontabilidade.com\/blog\/#\/schema\/logo\/image\/","url":"https:\/\/plannercontabilidade.com\/blog\/wp-content\/uploads\/2026\/03\/Logo-Planner-FINAL-Fundo-Branco.png","contentUrl":"https:\/\/plannercontabilidade.com\/blog\/wp-content\/uploads\/2026\/03\/Logo-Planner-FINAL-Fundo-Branco.png","width":1920,"height":1080,"caption":"Planner Contabilidade"},"image":{"@id":"https:\/\/plannercontabilidade.com\/blog\/#\/schema\/logo\/image\/"},"sameAs":["http:\/\/instagram.com\/planner_contabil"]},{"@type":"Person","@id":"https:\/\/plannercontabilidade.com\/blog\/#\/schema\/person\/65d29f39ce5c0fefe9f2d134e70ecf08","name":"Planner Contabilidade","image":{"@type":"ImageObject","inLanguage":"pt-BR","@id":"https:\/\/secure.gravatar.com\/avatar\/7ef5a376b9a0ec9d1bae5299fcc679f4b15539d73392e2d8547a1a94821b22a0?s=96&d=mm&r=g","url":"https:\/\/secure.gravatar.com\/avatar\/7ef5a376b9a0ec9d1bae5299fcc679f4b15539d73392e2d8547a1a94821b22a0?s=96&d=mm&r=g","contentUrl":"https:\/\/secure.gravatar.com\/avatar\/7ef5a376b9a0ec9d1bae5299fcc679f4b15539d73392e2d8547a1a94821b22a0?s=96&d=mm&r=g","caption":"Planner Contabilidade"},"sameAs":["https:\/\/plannercontabilidade.com\/blog"],"url":"https:\/\/plannercontabilidade.com\/blog\/author\/admin\/"}]}},"_links":{"self":[{"href":"https:\/\/plannercontabilidade.com\/blog\/wp-json\/wp\/v2\/posts\/187","targetHints":{"allow":["GET"]}}],"collection":[{"href":"https:\/\/plannercontabilidade.com\/blog\/wp-json\/wp\/v2\/posts"}],"about":[{"href":"https:\/\/plannercontabilidade.com\/blog\/wp-json\/wp\/v2\/types\/post"}],"author":[{"embeddable":true,"href":"https:\/\/plannercontabilidade.com\/blog\/wp-json\/wp\/v2\/users\/1"}],"replies":[{"embeddable":true,"href":"https:\/\/plannercontabilidade.com\/blog\/wp-json\/wp\/v2\/comments?post=187"}],"version-history":[{"count":1,"href":"https:\/\/plannercontabilidade.com\/blog\/wp-json\/wp\/v2\/posts\/187\/revisions"}],"predecessor-version":[{"id":189,"href":"https:\/\/plannercontabilidade.com\/blog\/wp-json\/wp\/v2\/posts\/187\/revisions\/189"}],"wp:featuredmedia":[{"embeddable":true,"href":"https:\/\/plannercontabilidade.com\/blog\/wp-json\/wp\/v2\/media\/188"}],"wp:attachment":[{"href":"https:\/\/plannercontabilidade.com\/blog\/wp-json\/wp\/v2\/media?parent=187"}],"wp:term":[{"taxonomy":"category","embeddable":true,"href":"https:\/\/plannercontabilidade.com\/blog\/wp-json\/wp\/v2\/categories?post=187"},{"taxonomy":"post_tag","embeddable":true,"href":"https:\/\/plannercontabilidade.com\/blog\/wp-json\/wp\/v2\/tags?post=187"}],"curies":[{"name":"wp","href":"https:\/\/api.w.org\/{rel}","templated":true}]}}